{"id":3852,"date":"2026-09-01T17:19:16","date_gmt":"2026-09-01T16:19:16","guid":{"rendered":"https:\/\/www.rmsb.u-bordeaux.fr\/fr\/?p=3852"},"modified":"2026-09-01T17:24:04","modified_gmt":"2026-09-01T16:24:04","slug":"le-syndrome-glut1-ds-mis-en-lumiere-sur-france-3","status":"publish","type":"post","link":"https:\/\/www.rmsb.u-bordeaux.fr\/fr\/le-syndrome-glut1-ds-mis-en-lumiere-sur-france-3\/","title":{"rendered":"Le syndrome GLUT1-DS mis en lumi\u00e8re sur France 3"},"content":{"rendered":"\t\t<div data-elementor-type=\"wp-post\" data-elementor-id=\"3852\" class=\"elementor elementor-3852\">\n\t\t\t\t<div class=\"elementor-element elementor-element-7c3d0fe e-flex e-con-boxed wpr-particle-no wpr-jarallax-no wpr-parallax-no wpr-sticky-section-no e-con e-parent\" data-id=\"7c3d0fe\" data-element_type=\"container\">\n\t\t\t\t\t<div class=\"e-con-inner\">\n\t\t\t\t<div class=\"elementor-element elementor-element-f4680bc elementor-widget elementor-widget-text-editor\" data-id=\"f4680bc\" data-element_type=\"widget\" data-widget_type=\"text-editor.default\">\n\t\t\t\t<div class=\"elementor-widget-container\">\n\t\t\t<style>\/*! elementor - v3.21.0 - 26-05-2024 *\/\n.elementor-widget-text-editor.elementor-drop-cap-view-stacked .elementor-drop-cap{background-color:#69727d;color:#fff}.elementor-widget-text-editor.elementor-drop-cap-view-framed .elementor-drop-cap{color:#69727d;border:3px solid;background-color:transparent}.elementor-widget-text-editor:not(.elementor-drop-cap-view-default) .elementor-drop-cap{margin-top:8px}.elementor-widget-text-editor:not(.elementor-drop-cap-view-default) .elementor-drop-cap-letter{width:1em;height:1em}.elementor-widget-text-editor .elementor-drop-cap{float:left;text-align:center;line-height:1;font-size:50px}.elementor-widget-text-editor .elementor-drop-cap-letter{display:inline-block}<\/style>\t\t\t\t<p>Le syndrome de d\u00e9ficit en GLUT1 (GLUT1-DS), maladie neurologique rare li\u00e9e \u00e0 un d\u00e9faut de transport du glucose vers le cerveau, a \u00e9t\u00e9 r\u00e9cemment mis \u00e0 l\u2019honneur dans un reportage diffus\u00e9 au journal de France 3. La Pr\u00e9sidente de l\u2019Association fran\u00e7aise pour le syndrome GLUT1-DS, Magali Sorret, y t\u00e9moigne avec son fils, atteint de la maladie, et pr\u00e9sente les enjeux du quotidien pour les patients et leurs familles.<\/p><p>Ce reportage donne \u00e9galement la parole \u00e0 <strong>Dr H\u00e9l\u00e8ne Roumes<\/strong>, chercheuse au laboratoire, qui pr\u00e9sente les travaux pr\u00e9cliniques du projet NeuroLac, notamment les r\u00e9sultats obtenus chez le mod\u00e8le de rat GLUT1-DS trait\u00e9 par lactate.<\/p><p>Une belle occasion de mettre en lumi\u00e8re le lien entre recherche fondamentale, recherche clinique et besoins des patients !<\/p><p>F\u00e9licitations \u00e0 H\u00e9l\u00e8ne pour ces travaux !<\/p><p>Lien vers le replay : <a href=\"https:\/\/www.youtube.com\/watch?v=DW1Dr_uegYI\">Maladie rare, le d\u00e9ficit en glucose<\/a><\/p><p>Article associ\u00e9 :\u00a0<\/p><p><a href=\"https:\/\/france3-regions.franceinfo.fr\/nouvelle-aquitaine\/pyrenees-atlantiques\/anglet\/il-doit-boire-un-verre-d-huile-pour-survivre-a-anglet-le-combat-de-kaleho-15-ans-atteint-d-une-maladie-rare-3403546.html?utm_term=Autofeed&amp;utm_medium=Social&amp;utm_source=Facebook&amp;fbclid=IwdGRzaAT1CaZjbGNrBPUIIHBkb2YFZXh0bgNhZW0CMTEAc3J0YwZhcHBfaWQMMzUwNjg1NTMxNzI4AAEeHkEg5P8fttIr7fB79cOjRr2uQQ_QhBMg_B-WwDxQlzs_IZ5RyJr6rQu54jw_aem_DTPed_HfyOgBgapufy2cOA&amp;sfnsn=scwspwa#Echobox=1787286660\">https:\/\/france3-regions.franceinfo.fr\/nouvelle-aquitaine\/pyrenees-atlantiques\/anglet\/il-doit-boire-un-verre-d-huile-pour-survivre-a-anglet-le-combat-de-kaleho-15-ans-atteint-d-une-maladie-rare-3403546.html?utm_term=Autofeed&amp;utm_medium=Social&amp;utm_source=Facebook&amp;fbclid=IwdGRzaAT1CaZjbGNrBPUIIHBkb2YFZXh0bgNhZW0CMTEAc3J0YwZhcHBfaWQMMzUwNjg1NTMxNzI4AAEeHkEg5P8fttIr7fB79cOjRr2uQQ_QhBMg_B-WwDxQlzs_IZ5RyJr6rQu54jw_aem_DTPed_HfyOgBgapufy2cOA&amp;sfnsn=scwspwa#Echobox=1787286660<\/a><\/p>\t\t\t\t\t\t<\/div>\n\t\t\t\t<\/div>\n\t\t\t\t\t<\/div>\n\t\t\t\t<\/div>\n\t\t<div class=\"elementor-element elementor-element-850950b e-flex e-con-boxed wpr-particle-no wpr-jarallax-no wpr-parallax-no wpr-sticky-section-no e-con e-parent\" data-id=\"850950b\" data-element_type=\"container\">\n\t\t\t\t\t<div class=\"e-con-inner\">\n\t\t\t\t<div class=\"elementor-element elementor-element-c087209 elementor-widget elementor-widget-image\" data-id=\"c087209\" data-element_type=\"widget\" data-widget_type=\"image.default\">\n\t\t\t\t<div class=\"elementor-widget-container\">\n\t\t\t<style>\/*! elementor - v3.21.0 - 26-05-2024 *\/\n.elementor-widget-image{text-align:center}.elementor-widget-image a{display:inline-block}.elementor-widget-image a img[src$=\".svg\"]{width:48px}.elementor-widget-image img{vertical-align:middle;display:inline-block}<\/style>\t\t\t\t\t\t\t\t\t\t<img fetchpriority=\"high\" decoding=\"async\" width=\"1024\" height=\"959\" src=\"https:\/\/www.rmsb.u-bordeaux.fr\/wp-content\/uploads\/2026\/09\/Helene_journal-1024x959.jpg\" class=\"attachment-large size-large wp-image-3855\" alt=\"\" srcset=\"https:\/\/www.rmsb.u-bordeaux.fr\/wp-content\/uploads\/2026\/09\/Helene_journal-1024x959.jpg 1024w, https:\/\/www.rmsb.u-bordeaux.fr\/wp-content\/uploads\/2026\/09\/Helene_journal-300x281.jpg 300w, https:\/\/www.rmsb.u-bordeaux.fr\/wp-content\/uploads\/2026\/09\/Helene_journal-768x719.jpg 768w, https:\/\/www.rmsb.u-bordeaux.fr\/wp-content\/uploads\/2026\/09\/Helene_journal.jpg 1080w\" sizes=\"(max-width: 1024px) 100vw, 1024px\" \/>\t\t\t\t\t\t\t\t\t\t\t\t\t<\/div>\n\t\t\t\t<\/div>\n\t\t\t\t\t<\/div>\n\t\t\t\t<\/div>\n\t\t\t\t<\/div>\n\t\t","protected":false},"excerpt":{"rendered":"<p>Le syndrome de d\u00e9ficit en GLUT1 (GLUT1-DS), maladie neurologique rare li\u00e9e \u00e0 un d\u00e9faut de transport du glucose vers le cerveau, a \u00e9t\u00e9 r\u00e9cemment mis \u00e0 l\u2019honneur dans un reportage diffus\u00e9 au journal de France 3. La Pr\u00e9sidente de l\u2019Association fran\u00e7aise pour le syndrome GLUT1-DS, Magali Sorret, y t\u00e9moigne avec son fils, atteint de la maladie, et pr\u00e9sente les enjeux du quotidien pour les patients et leurs familles. Ce reportage donne \u00e9galement la parole \u00e0 Dr H\u00e9l\u00e8ne Roumes, chercheuse au laboratoire, qui pr\u00e9sente les travaux pr\u00e9cliniques du projet NeuroLac, notamment les r\u00e9sultats obtenus chez le mod\u00e8le de rat GLUT1-DS trait\u00e9 par lactate. Une belle occasion de mettre en lumi\u00e8re le lien entre recherche fondamentale, recherche clinique et besoins des patients ! F\u00e9licitations \u00e0 H\u00e9l\u00e8ne pour ces travaux ! Lien vers le replay : Maladie rare, le d\u00e9ficit en glucose Article associ\u00e9 :\u00a0 https:\/\/france3-regions.franceinfo.fr\/nouvelle-aquitaine\/pyrenees-atlantiques\/anglet\/il-doit-boire-un-verre-d-huile-pour-survivre-a-anglet-le-combat-de-kaleho-15-ans-atteint-d-une-maladie-rare-3403546.html?utm_term=Autofeed&amp;utm_medium=Social&amp;utm_source=Facebook&amp;fbclid=IwdGRzaAT1CaZjbGNrBPUIIHBkb2YFZXh0bgNhZW0CMTEAc3J0YwZhcHBfaWQMMzUwNjg1NTMxNzI4AAEeHkEg5P8fttIr7fB79cOjRr2uQQ_QhBMg_B-WwDxQlzs_IZ5RyJr6rQu54jw_aem_DTPed_HfyOgBgapufy2cOA&amp;sfnsn=scwspwa#Echobox=1787286660<\/p>\n","protected":false},"author":4,"featured_media":3853,"comment_status":"closed","ping_status":"open","sticky":false,"template":"","format":"standard","meta":{"site-sidebar-layout":"default","site-content-layout":"","ast-site-content-layout":"","site-content-style":"default","site-sidebar-style":"default","ast-global-header-display":"","ast-banner-title-visibility":"","ast-main-header-display":"","ast-hfb-above-header-display":"","ast-hfb-below-header-display":"","ast-hfb-mobile-header-display":"","site-post-title":"","ast-breadcrumbs-content":"","ast-featured-img":"","footer-sml-layout":"","theme-transparent-header-meta":"","adv-header-id-meta":"","stick-header-meta":"","header-above-stick-meta":"","header-main-stick-meta":"","header-below-stick-meta":"","astra-migrate-meta-layouts":"","ast-page-background-enabled":"default","ast-page-background-meta":{"desktop":{"background-color":"var(--ast-global-color-4)","background-image":"","background-repeat":"repeat","background-position":"center center","background-size":"auto","background-attachment":"scroll","background-type":"","background-media":"","overlay-type":"","overlay-color":"","overlay-gradient":""},"tablet":{"background-color":"","background-image":"","background-repeat":"repeat","background-position":"center center","background-size":"auto","background-attachment":"scroll","background-type":"","background-media":"","overlay-type":"","overlay-color":"","overlay-gradient":""},"mobile":{"background-color":"","background-image":"","background-repeat":"repeat","background-position":"center center","background-size":"auto","background-attachment":"scroll","background-type":"","background-media":"","overlay-type":"","overlay-color":"","overlay-gradient":""}},"ast-content-background-meta":{"desktop":{"background-color":"var(--ast-global-color-5)","background-image":"","background-repeat":"repeat","background-position":"center center","background-size":"auto","background-attachment":"scroll","background-type":"","background-media":"","overlay-type":"","overlay-color":"","overlay-gradient":""},"tablet":{"background-color":"var(--ast-global-color-5)","background-image":"","background-repeat":"repeat","background-position":"center center","background-size":"auto","background-attachment":"scroll","background-type":"","background-media":"","overlay-type":"","overlay-color":"","overlay-gradient":""},"mobile":{"background-color":"var(--ast-global-color-5)","background-image":"","background-repeat":"repeat","background-position":"center center","background-size":"auto","background-attachment":"scroll","background-type":"","background-media":"","overlay-type":"","overlay-color":"","overlay-gradient":""}},"footnotes":""},"categories":[7,6],"tags":[],"_links":{"self":[{"href":"https:\/\/www.rmsb.u-bordeaux.fr\/fr\/wp-json\/wp\/v2\/posts\/3852"}],"collection":[{"href":"https:\/\/www.rmsb.u-bordeaux.fr\/fr\/wp-json\/wp\/v2\/posts"}],"about":[{"href":"https:\/\/www.rmsb.u-bordeaux.fr\/fr\/wp-json\/wp\/v2\/types\/post"}],"author":[{"embeddable":true,"href":"https:\/\/www.rmsb.u-bordeaux.fr\/fr\/wp-json\/wp\/v2\/users\/4"}],"replies":[{"embeddable":true,"href":"https:\/\/www.rmsb.u-bordeaux.fr\/fr\/wp-json\/wp\/v2\/comments?post=3852"}],"version-history":[{"count":4,"href":"https:\/\/www.rmsb.u-bordeaux.fr\/fr\/wp-json\/wp\/v2\/posts\/3852\/revisions"}],"predecessor-version":[{"id":3858,"href":"https:\/\/www.rmsb.u-bordeaux.fr\/fr\/wp-json\/wp\/v2\/posts\/3852\/revisions\/3858"}],"wp:featuredmedia":[{"embeddable":true,"href":"https:\/\/www.rmsb.u-bordeaux.fr\/fr\/wp-json\/wp\/v2\/media\/3853"}],"wp:attachment":[{"href":"https:\/\/www.rmsb.u-bordeaux.fr\/fr\/wp-json\/wp\/v2\/media?parent=3852"}],"wp:term":[{"taxonomy":"category","embeddable":true,"href":"https:\/\/www.rmsb.u-bordeaux.fr\/fr\/wp-json\/wp\/v2\/categories?post=3852"},{"taxonomy":"post_tag","embeddable":true,"href":"https:\/\/www.rmsb.u-bordeaux.fr\/fr\/wp-json\/wp\/v2\/tags?post=3852"}],"curies":[{"name":"wp","href":"https:\/\/api.w.org\/{rel}","templated":true}]}}